{"id":57,"date":"2009-11-15T18:20:25","date_gmt":"2009-11-15T18:20:25","guid":{"rendered":"http:\/\/smarinier\/ouverture-de-l-apple-store-montpellier\/"},"modified":"2009-11-15T18:20:25","modified_gmt":"2009-11-15T18:20:25","slug":"ouverture-de-l-apple-store-montpellier","status":"publish","type":"post","link":"https:\/\/www.smarinier.net\/ouverture-de-l-apple-store-montpellier\/","title":{"rendered":"Ouverture de l&rsquo;Apple Store Montpellier"},"content":{"rendered":"<p>Samedi 14 novembre apr\u00e8s-midi, nous \u00e9tions donc par hasard devant ce fameux Apple Store, o\u00f9 \u00e9tait organis\u00e9 une ouverture \u00e0 midi.<\/p>\n<p style=\"text-align:center\"><img decoding=\"async\" src=\"\/blog\/images\/apple-store\/apple-store-0.jpg\" alt=\"\" \/><\/p>\n<p>Cette ouverture a \u00e9t\u00e9 orchestr\u00e9e totalement artificiellement pour avoir lieu apr\u00e8s la prestigieuse ouverture de Paris. En fait le magasin \u00e9tait vraisemblablement pr\u00eat pour l&rsquo;ouverture de toute la zone commerciale Odysseum de Montpellier, o\u00f9 une cinquantaine de magasins ont ouvert simultan\u00e9ment&#8230; sauf l&rsquo;Apple Store&#8230; Soit ils ne voulaient pas faire de l&rsquo;ombre \u00e0 Paris, soit ils ne voulaient pas \u00eatre \u00ab\u00a0une ouverture parmi d&rsquo;autres ouvertures\u00a0\u00bb, lorsque tous les magasins ont \u00e9t\u00e9 ouverts, fin septembre.<\/p>\n<p>De fait, une sorte d&rsquo;effet de masse a tent\u00e9 d&rsquo;\u00eatre mis en place pour provoquer un petit attroupement. Le slogan \u00ab\u00a085000 cadeaux une seule bo\u00eete\u00a0\u00bb laissait un effet supposer une pluie de cadeaux tombant sur les heureux \u00e9lus qui s&rsquo;\u00e9taient ins\u00e9r\u00e9s dans la file d&rsquo;attente. Comme le moindre bidule estampill\u00e9 Apple co\u00fbte au moins 10 euros, cela a motiv\u00e9 quelques personnes plus patientes que les autres (que moi en tout cas), \u00e0 se placer entre les barri\u00e8res, esp\u00e9rant sans doute avoir de Apple un cadeau digne des milliers d&rsquo;euros que chacun d&rsquo;entre nous leur avons laiss\u00e9 depuis toutes ces ann\u00e9es (faites vous-m\u00eames le calcul).<\/p>\n<p>On peut voir par ailleurs qu&rsquo;ils avaient vu plut\u00f4t grand, puisque les barri\u00e8res destin\u00e9es \u00e0 canaliser l&rsquo;immense foule n&rsquo;\u00e9taient utilis\u00e9es que pour la moiti\u00e9.<\/p>\n<p style=\"text-align:center\"><img decoding=\"async\" src=\"\/blog\/images\/apple-store\/apple-store-1.jpg\" alt=\"\" \/><\/p>\n<p>Les vendeurs semblaient tr\u00e8s motiv\u00e9s et entonnaient un \u00ab\u00a0po&#8212;popopo-popo\u00a0\u00bb juste avant l&rsquo;ouverture des portes. Mais la cinquantaine de personnes patientant devant le magasin restaient quant \u00e0 eux relativement impassibles! On \u00e9tait bien loin des campements organis\u00e9s pour la sortie de l&rsquo;iPhone.<\/p>\n<p style=\"text-align:center\"><img decoding=\"async\" src=\"\/blog\/images\/apple-store\/apple-store-2.jpg\" alt=\"\" \/><\/p>\n<p>Finalement, les portes s&rsquo;ouvrent, et les premiers clients (visiteurs?) finissent par voir r\u00e9compens\u00e9e leur longue attente par une petite bo\u00eete blanche.<\/p>\n<p style=\"text-align:center\"><img decoding=\"async\" src=\"\/blog\/images\/apple-store\/apple-store-3.jpg\" alt=\"\" \/><\/p>\n<p>Nous avons intercept\u00e9 un de ces patients applemaniaques et lui avons demand\u00e9&nbsp;:<\/p>\n<pre>- \"Alors ? Qu'y avait-il dans cette bo\u00eete qui m\u00e9rite d'attendre comme cela ?\" - \"Un tee-shirt Apple.\" (t\u00eate avec un demi-sourire) - \"Wahhhh. trop g\u00e9n\u00e9reux Apple!\" - \"Boah.. Je vais essayer de le revendre sur E-bay.    Je me ferai peut-\u00eatre un peu d'argent...\"<\/pre>\n<p>Voil\u00e0 donc un magasin Apple de plus sur Montpellier. Nous disposons ici de plusieurs magasins Apple (Fnac, Apple Centers&#8230;) qui ne vont pas forc\u00e9ment appr\u00e9cier cette concurrence (d\u00e9loyale ?). Et m\u00eame si je n&rsquo;aurai pas trop de regret pour la Fnac o\u00f9 un vendeur subtilement anti-apple me crispe depuis plusieurs ann\u00e9es, je ne saurai que trop vous conseiller d&rsquo;aller \u00e0 la rencontre de la tr\u00e8s sympathique \u00e9quipe de Mac Tribu, pr\u00e9sente depuis longtemps sur Montpellier.<\/p>\n<pre><\/pre>\n<p>Faut il le alors le pr\u00e9ciser; les trois derni\u00e8res photos sont prises avec un iPhone. Et ont \u00e9t\u00e9 ensuite trait\u00e9es sur iPhoto  sur mon Mac PowerBook Pro&#8230; \ud83d\ude09<\/p>\n","protected":false},"excerpt":{"rendered":"<p>Samedi 14 novembre apr\u00e8s-midi, nous \u00e9tions donc par hasard devant ce fameux Apple Store, o\u00f9 \u00e9tait organis\u00e9 une ouverture \u00e0 midi. Cette ouverture a \u00e9t\u00e9 orchestr\u00e9e totalement artificiellement pour avoir lieu apr\u00e8s la prestigieuse ouverture de Paris. En fait le magasin \u00e9tait vraisemblablement pr\u00eat pour l&rsquo;ouverture de toute la zone [&hellip;]<\/p>\n","protected":false},"author":1,"featured_media":0,"comment_status":"open","ping_status":"open","sticky":false,"template":"","format":"standard","meta":{"footnotes":""},"categories":[2],"tags":[],"class_list":["post-57","post","type-post","status-publish","format-standard","hentry","category-divers"],"_links":{"self":[{"href":"https:\/\/www.smarinier.net\/%77%70%2d%6a%73%6f%6e\/wp\/v2\/posts\/57","targetHints":{"allow":["GET"]}}],"collection":[{"href":"https:\/\/www.smarinier.net\/%77%70%2d%6a%73%6f%6e\/wp\/v2\/posts"}],"about":[{"href":"https:\/\/www.smarinier.net\/%77%70%2d%6a%73%6f%6e\/wp\/v2\/types\/post"}],"author":[{"embeddable":true,"href":"https:\/\/www.smarinier.net\/%77%70%2d%6a%73%6f%6e\/wp\/v2\/users\/1"}],"replies":[{"embeddable":true,"href":"https:\/\/www.smarinier.net\/%77%70%2d%6a%73%6f%6e\/wp\/v2\/comments?post=57"}],"version-history":[{"count":0,"href":"https:\/\/www.smarinier.net\/%77%70%2d%6a%73%6f%6e\/wp\/v2\/posts\/57\/revisions"}],"wp:attachment":[{"href":"https:\/\/www.smarinier.net\/%77%70%2d%6a%73%6f%6e\/wp\/v2\/media?parent=57"}],"wp:term":[{"taxonomy":"category","embeddable":true,"href":"https:\/\/www.smarinier.net\/%77%70%2d%6a%73%6f%6e\/wp\/v2\/categories?post=57"},{"taxonomy":"post_tag","embeddable":true,"href":"https:\/\/www.smarinier.net\/%77%70%2d%6a%73%6f%6e\/wp\/v2\/tags?post=57"}],"curies":[{"name":"wp","href":"https:\/\/api.w.org\/{rel}","templated":true}]}}